{"id":1192,"date":"2023-05-29T11:00:00","date_gmt":"2023-05-29T09:00:00","guid":{"rendered":"https:\/\/peintresdupatrimoine.com\/?p=1192"},"modified":"2023-06-09T11:48:43","modified_gmt":"2023-06-09T09:48:43","slug":"les-peintres-du-patrimoine-un-succes-medatique","status":"publish","type":"post","link":"https:\/\/peintresdupatrimoine.com\/en\/2023\/05\/29\/heritage-painters-a-media-success\/","title":{"rendered":"Heritage painters: a media success!"},"content":{"rendered":"<p>The Belgian national channel RTB and RTC T\u00e9l\u00e9 Li\u00e8ge came to visit the training site and interviewed us. The journalists, Marc Melon and Sophie Driesen, prepared some great reports. Vincent Roger, from the newspaper L&#039;avenir, also wrote a very detailed article.<\/p>\n\n\n\n<p>We felt very proud of our job! Read these stories quickly:<\/p>\n\n\n\n<p class=\"has-vivid-cyan-blue-color has-text-color\"><a href=\"https:\/\/auvio.rtbf.be\/media\/jt-journal-televise-13h-jt-13h-25052023-3040082\">Erasmus+. Apprentice French and Italian painters train with Belgians at the heritage trades center in Amay (JT RTB)<\/a> (See at 16 min 55 min)<\/p>\n\n\n\n<p class=\"has-vivid-cyan-blue-color has-text-color\"><a href=\"https:\/\/www.rtc.be\/video\/info\/patrimoine\/paix-dieu-un-chantier-ecole-international-en-peinture-du-patrimoine_1515785_325.html\">Paix-Dieu: an international training site in heritage painting (RTC T\u00e9l\u00e9 Li\u00e8ge)<\/a><\/p>\n\n\n\n<p class=\"has-vivid-cyan-blue-color has-text-color\"><a href=\"https:\/\/www.lavenir.net\/regions\/huy-waremme\/2023\/05\/25\/des-eleves-belges-francais-et-italiens-restaurent-le-patrimoine-de-la-paix-dieu-a-amay-FMWMMBYLMBGBBLDJ5WSS2FU3UQ\/\">Belgian, French and Italian students restore the heritage of the Paix-Dieu in Amay (L\u00b4avenir)<\/a><\/p>\n\n\n\n<p><\/p>\n\n\n\n<figure class=\"wp-block-gallery has-nested-images columns-default is-cropped wp-block-gallery-1 is-layout-flex wp-block-gallery-is-layout-flex\">\n<figure class=\"wp-block-image size-large\"><img loading=\"lazy\" decoding=\"async\" width=\"1024\" height=\"683\" data-id=\"1196\" src=\"https:\/\/peintresdupatrimoine.com\/wp-content\/uploads\/2023\/05\/peintre-euro-qualif2-1024x683.jpg\" alt=\"\" class=\"wp-image-1196\" srcset=\"https:\/\/peintresdupatrimoine.com\/wp-content\/uploads\/2023\/05\/peintre-euro-qualif2-1024x683.jpg 1024w, https:\/\/peintresdupatrimoine.com\/wp-content\/uploads\/2023\/05\/peintre-euro-qualif2-300x200.jpg 300w, https:\/\/peintresdupatrimoine.com\/wp-content\/uploads\/2023\/05\/peintre-euro-qualif2-768x512.jpg 768w, https:\/\/peintresdupatrimoine.com\/wp-content\/uploads\/2023\/05\/peintre-euro-qualif2-1536x1024.jpg 1536w, https:\/\/peintresdupatrimoine.com\/wp-content\/uploads\/2023\/05\/peintre-euro-qualif2-2048x1366.jpg 2048w, https:\/\/peintresdupatrimoine.com\/wp-content\/uploads\/2023\/05\/peintre-euro-qualif2-18x12.jpg 18w, https:\/\/peintresdupatrimoine.com\/wp-content\/uploads\/2023\/05\/peintre-euro-qualif2-600x400.jpg 600w\" sizes=\"auto, (max-width: 1024px) 100vw, 1024px\" \/><\/figure>\n<\/figure>\n\n\n\n<p><\/p>\n\n\n\n<p><\/p>\n\n\n\n<p><\/p>\n\n\n\n<p><\/p>","protected":false},"excerpt":{"rendered":"<p>The Belgian national channel RTB and RTC T\u00e9l\u00e9 Li\u00e8ge came to visit the training site and interviewed us. The journalists, Marc Melon and Sophie Driesen, prepared some great reports. Vincent Roger, from the newspaper L&#039;avenir, also wrote a very detailed article. We felt very proud to\u2026<\/p>\n<p><a class=\"more-link\" href=\"https:\/\/peintresdupatrimoine.com\/en\/2023\/05\/29\/heritage-painters-a-media-success\/#more-1192\">Read More<\/a><\/p>","protected":false},"author":1,"featured_media":1193,"comment_status":"open","ping_status":"open","sticky":false,"template":"","format":"standard","meta":{"footnotes":""},"categories":[77,4],"tags":[],"class_list":["post-1192","post","type-post","status-publish","format-standard","has-post-thumbnail","hentry","category-chantier-ecole","category-highlights"],"_links":{"self":[{"href":"https:\/\/peintresdupatrimoine.com\/en\/wp-json\/wp\/v2\/posts\/1192","targetHints":{"allow":["GET"]}}],"collection":[{"href":"https:\/\/peintresdupatrimoine.com\/en\/wp-json\/wp\/v2\/posts"}],"about":[{"href":"https:\/\/peintresdupatrimoine.com\/en\/wp-json\/wp\/v2\/types\/post"}],"author":[{"embeddable":true,"href":"https:\/\/peintresdupatrimoine.com\/en\/wp-json\/wp\/v2\/users\/1"}],"replies":[{"embeddable":true,"href":"https:\/\/peintresdupatrimoine.com\/en\/wp-json\/wp\/v2\/comments?post=1192"}],"version-history":[{"count":4,"href":"https:\/\/peintresdupatrimoine.com\/en\/wp-json\/wp\/v2\/posts\/1192\/revisions"}],"predecessor-version":[{"id":1230,"href":"https:\/\/peintresdupatrimoine.com\/en\/wp-json\/wp\/v2\/posts\/1192\/revisions\/1230"}],"wp:featuredmedia":[{"embeddable":true,"href":"https:\/\/peintresdupatrimoine.com\/en\/wp-json\/wp\/v2\/media\/1193"}],"wp:attachment":[{"href":"https:\/\/peintresdupatrimoine.com\/en\/wp-json\/wp\/v2\/media?parent=1192"}],"wp:term":[{"taxonomy":"category","embeddable":true,"href":"https:\/\/peintresdupatrimoine.com\/en\/wp-json\/wp\/v2\/categories?post=1192"},{"taxonomy":"post_tag","embeddable":true,"href":"https:\/\/peintresdupatrimoine.com\/en\/wp-json\/wp\/v2\/tags?post=1192"}],"curies":[{"name":"wp","href":"https:\/\/api.w.org\/{rel}","templated":true}]}}