{"id":1092,"date":"2023-05-04T12:21:06","date_gmt":"2023-05-04T10:21:06","guid":{"rendered":"https:\/\/peintresdupatrimoine.com\/?p=1092"},"modified":"2023-05-04T16:40:03","modified_gmt":"2023-05-04T14:40:03","slug":"la-scuola-edile-di-siena-inaugure-le-chantier-ecole-international-de-restauration-patrimoniale-des-gradins-du-palio-la-traditionnelle-course-de-chevaux-de-sienne","status":"publish","type":"post","link":"https:\/\/peintresdupatrimoine.com\/it\/2023\/05\/04\/la-scuola-edile-di-siena-inaugura-il-cantiere-scuola-internazionale-per-il-restauro-del-patrimonio-delle-tribune-del-palio-la-tradizionale-corsa-di-cavalli-di-siena\/","title":{"rendered":"La Scuola Edile di Siena inaugura il sito-scuola internazionale per il recupero del patrimonio delle tribune del Palio, la tradizionale corsa di cavalli senesi"},"content":{"rendered":"<p>Il Cortile del Podest\u00e0 del Palazzo Pubblico di Siena \u2013 che segna il solenne punto di accesso ai piani superiori dell&#039;edificio \u2013 diventer\u00e0, dal 2 al 12 maggio, la palestra a cielo aperto della Scuola Edile di Siena per il restauro di pannelli frontali delle tribune storiche del Palio. Quest&#039;ultimo sar\u00e0 accessibile al pubblico, che scoprir\u00e0 le operazioni e le modalit\u00e0 di recupero di questi preziosi oggetti lignei.<\/p>\n\n\n\n<p>Oltre agli studenti della Scuola Edile di Siena, il cantiere-scuola coinvolger\u00e0 cinque studenti di Artemisia Formation di Parigi, scuola specializzata nell&#039;insegnamento delle tecniche di pittura e decorazione, e altri otto della scuola di costruzione del CEFS di Udine. Supportati dai docenti Maurizio Sampieri e Anna Rita Cotugno, svilupperanno tecniche di restauro pittorico e decorativo. Gioved\u00ec 11 maggio \u00e8 prevista la diretta della Mostra del Restauro a Ferrara.<\/p>\n\n\n\n<p>Il progetto rientra nella strategia di ampia collaborazione della Scuola Edile di Siena con queste altre istituzioni formative europee, grazie ai fondi ERASMUS+. Dopo le esperienze di recupero delle gradinate storiche del Palio e delle sale di Palazzo Piccolomini, la Scuola Edile di Siena sar\u00e0 tra i protagonisti del progetto nel Centro per le Professioni del Patrimonio La Paix-Dieu ad Amay, in Belgio, dal 15 maggio a 26 .<\/p>\n\n\n\n<p><a href=\"https:\/\/www.radiosienatv.it\/la-scuola-edile-di-siena-apre-il-cantiere-scuola-internazionale-per-il-restauro-dei-palchi-storici\/\">Leggi l&#039;articolo in italiano di Radio Siena TV<\/a><\/p>\n\n\n\n<figure class=\"wp-block-gallery has-nested-images columns-default is-cropped wp-block-gallery-1 is-layout-flex wp-block-gallery-is-layout-flex\">\n<figure class=\"wp-block-image size-large\"><img loading=\"lazy\" decoding=\"async\" width=\"768\" height=\"1024\" data-id=\"1104\" src=\"https:\/\/peintresdupatrimoine.com\/wp-content\/uploads\/2023\/05\/WhatsApp-Image-2023-05-04-at-15.05.01.jpeg\" alt=\"\" class=\"wp-image-1104\" srcset=\"https:\/\/peintresdupatrimoine.com\/wp-content\/uploads\/2023\/05\/WhatsApp-Image-2023-05-04-at-15.05.01.jpeg 768w, https:\/\/peintresdupatrimoine.com\/wp-content\/uploads\/2023\/05\/WhatsApp-Image-2023-05-04-at-15.05.01-225x300.jpeg 225w, https:\/\/peintresdupatrimoine.com\/wp-content\/uploads\/2023\/05\/WhatsApp-Image-2023-05-04-at-15.05.01-9x12.jpeg 9w, https:\/\/peintresdupatrimoine.com\/wp-content\/uploads\/2023\/05\/WhatsApp-Image-2023-05-04-at-15.05.01-600x800.jpeg 600w\" sizes=\"auto, (max-width: 768px) 100vw, 768px\" \/><\/figure>\n\n\n\n<figure class=\"wp-block-image size-large\"><img loading=\"lazy\" decoding=\"async\" width=\"768\" height=\"1024\" data-id=\"1103\" src=\"https:\/\/peintresdupatrimoine.com\/wp-content\/uploads\/2023\/05\/WhatsApp-Image-2023-05-04-at-15.05.01-6.jpeg\" alt=\"\" class=\"wp-image-1103\" srcset=\"https:\/\/peintresdupatrimoine.com\/wp-content\/uploads\/2023\/05\/WhatsApp-Image-2023-05-04-at-15.05.01-6.jpeg 768w, https:\/\/peintresdupatrimoine.com\/wp-content\/uploads\/2023\/05\/WhatsApp-Image-2023-05-04-at-15.05.01-6-225x300.jpeg 225w, https:\/\/peintresdupatrimoine.com\/wp-content\/uploads\/2023\/05\/WhatsApp-Image-2023-05-04-at-15.05.01-6-9x12.jpeg 9w, https:\/\/peintresdupatrimoine.com\/wp-content\/uploads\/2023\/05\/WhatsApp-Image-2023-05-04-at-15.05.01-6-600x800.jpeg 600w\" sizes=\"auto, (max-width: 768px) 100vw, 768px\" \/><\/figure>\n\n\n\n<figure class=\"wp-block-image size-large\"><img loading=\"lazy\" decoding=\"async\" width=\"768\" height=\"1024\" data-id=\"1100\" src=\"https:\/\/peintresdupatrimoine.com\/wp-content\/uploads\/2023\/05\/WhatsApp-Image-2023-05-04-at-15.04.59-5.jpeg\" alt=\"\" class=\"wp-image-1100\" srcset=\"https:\/\/peintresdupatrimoine.com\/wp-content\/uploads\/2023\/05\/WhatsApp-Image-2023-05-04-at-15.04.59-5.jpeg 768w, https:\/\/peintresdupatrimoine.com\/wp-content\/uploads\/2023\/05\/WhatsApp-Image-2023-05-04-at-15.04.59-5-225x300.jpeg 225w, https:\/\/peintresdupatrimoine.com\/wp-content\/uploads\/2023\/05\/WhatsApp-Image-2023-05-04-at-15.04.59-5-9x12.jpeg 9w, https:\/\/peintresdupatrimoine.com\/wp-content\/uploads\/2023\/05\/WhatsApp-Image-2023-05-04-at-15.04.59-5-600x800.jpeg 600w\" sizes=\"auto, (max-width: 768px) 100vw, 768px\" \/><\/figure>\n\n\n\n<figure class=\"wp-block-image size-large\"><img loading=\"lazy\" decoding=\"async\" width=\"768\" height=\"1024\" data-id=\"1101\" src=\"https:\/\/peintresdupatrimoine.com\/wp-content\/uploads\/2023\/05\/WhatsApp-Image-2023-05-04-at-15.05.00-7.jpeg\" alt=\"\" class=\"wp-image-1101\" srcset=\"https:\/\/peintresdupatrimoine.com\/wp-content\/uploads\/2023\/05\/WhatsApp-Image-2023-05-04-at-15.05.00-7.jpeg 768w, https:\/\/peintresdupatrimoine.com\/wp-content\/uploads\/2023\/05\/WhatsApp-Image-2023-05-04-at-15.05.00-7-225x300.jpeg 225w, https:\/\/peintresdupatrimoine.com\/wp-content\/uploads\/2023\/05\/WhatsApp-Image-2023-05-04-at-15.05.00-7-9x12.jpeg 9w, https:\/\/peintresdupatrimoine.com\/wp-content\/uploads\/2023\/05\/WhatsApp-Image-2023-05-04-at-15.05.00-7-600x800.jpeg 600w\" sizes=\"auto, (max-width: 768px) 100vw, 768px\" \/><\/figure>\n\n\n\n<figure class=\"wp-block-image size-large\"><img loading=\"lazy\" decoding=\"async\" width=\"768\" height=\"1024\" data-id=\"1102\" src=\"https:\/\/peintresdupatrimoine.com\/wp-content\/uploads\/2023\/05\/WhatsApp-Image-2023-05-04-at-15.05.00-9.jpeg\" alt=\"\" class=\"wp-image-1102\" srcset=\"https:\/\/peintresdupatrimoine.com\/wp-content\/uploads\/2023\/05\/WhatsApp-Image-2023-05-04-at-15.05.00-9.jpeg 768w, https:\/\/peintresdupatrimoine.com\/wp-content\/uploads\/2023\/05\/WhatsApp-Image-2023-05-04-at-15.05.00-9-225x300.jpeg 225w, https:\/\/peintresdupatrimoine.com\/wp-content\/uploads\/2023\/05\/WhatsApp-Image-2023-05-04-at-15.05.00-9-9x12.jpeg 9w, https:\/\/peintresdupatrimoine.com\/wp-content\/uploads\/2023\/05\/WhatsApp-Image-2023-05-04-at-15.05.00-9-600x800.jpeg 600w\" sizes=\"auto, (max-width: 768px) 100vw, 768px\" \/><\/figure>\n\n\n\n<figure class=\"wp-block-image size-large\"><img loading=\"lazy\" decoding=\"async\" width=\"768\" height=\"1024\" data-id=\"1098\" src=\"https:\/\/peintresdupatrimoine.com\/wp-content\/uploads\/2023\/05\/WhatsApp-Image-2023-05-04-at-15.04.04-2.jpeg\" alt=\"\" class=\"wp-image-1098\" srcset=\"https:\/\/peintresdupatrimoine.com\/wp-content\/uploads\/2023\/05\/WhatsApp-Image-2023-05-04-at-15.04.04-2.jpeg 768w, https:\/\/peintresdupatrimoine.com\/wp-content\/uploads\/2023\/05\/WhatsApp-Image-2023-05-04-at-15.04.04-2-225x300.jpeg 225w, https:\/\/peintresdupatrimoine.com\/wp-content\/uploads\/2023\/05\/WhatsApp-Image-2023-05-04-at-15.04.04-2-9x12.jpeg 9w, https:\/\/peintresdupatrimoine.com\/wp-content\/uploads\/2023\/05\/WhatsApp-Image-2023-05-04-at-15.04.04-2-600x800.jpeg 600w\" sizes=\"auto, (max-width: 768px) 100vw, 768px\" \/><\/figure>\n\n\n\n<figure class=\"wp-block-image size-large\"><img loading=\"lazy\" decoding=\"async\" width=\"768\" height=\"1024\" data-id=\"1099\" src=\"https:\/\/peintresdupatrimoine.com\/wp-content\/uploads\/2023\/05\/WhatsApp-Image-2023-05-04-at-15.04.04.jpeg\" alt=\"\" class=\"wp-image-1099\" srcset=\"https:\/\/peintresdupatrimoine.com\/wp-content\/uploads\/2023\/05\/WhatsApp-Image-2023-05-04-at-15.04.04.jpeg 768w, https:\/\/peintresdupatrimoine.com\/wp-content\/uploads\/2023\/05\/WhatsApp-Image-2023-05-04-at-15.04.04-225x300.jpeg 225w, https:\/\/peintresdupatrimoine.com\/wp-content\/uploads\/2023\/05\/WhatsApp-Image-2023-05-04-at-15.04.04-9x12.jpeg 9w, https:\/\/peintresdupatrimoine.com\/wp-content\/uploads\/2023\/05\/WhatsApp-Image-2023-05-04-at-15.04.04-600x800.jpeg 600w\" sizes=\"auto, (max-width: 768px) 100vw, 768px\" \/><\/figure>\n\n\n\n<figure class=\"wp-block-image size-large\"><img loading=\"lazy\" decoding=\"async\" width=\"768\" height=\"1024\" data-id=\"1097\" src=\"https:\/\/peintresdupatrimoine.com\/wp-content\/uploads\/2023\/05\/WhatsApp-Image-2023-05-04-at-15.04.04-1.jpeg\" alt=\"\" class=\"wp-image-1097\" srcset=\"https:\/\/peintresdupatrimoine.com\/wp-content\/uploads\/2023\/05\/WhatsApp-Image-2023-05-04-at-15.04.04-1.jpeg 768w, https:\/\/peintresdupatrimoine.com\/wp-content\/uploads\/2023\/05\/WhatsApp-Image-2023-05-04-at-15.04.04-1-225x300.jpeg 225w, https:\/\/peintresdupatrimoine.com\/wp-content\/uploads\/2023\/05\/WhatsApp-Image-2023-05-04-at-15.04.04-1-9x12.jpeg 9w, https:\/\/peintresdupatrimoine.com\/wp-content\/uploads\/2023\/05\/WhatsApp-Image-2023-05-04-at-15.04.04-1-600x800.jpeg 600w\" sizes=\"auto, (max-width: 768px) 100vw, 768px\" \/><\/figure>\n<\/figure>","protected":false},"excerpt":{"rendered":"<p>Il Cortile del Podest\u00e0 del Palazzo Pubblico di Siena \u2013 che segna il solenne punto di accesso ai piani superiori dell&#039;edificio \u2013 diventer\u00e0, dal 2 al 12 maggio, la palestra a cielo aperto della Scuola Edile di Siena per il restauro di pannelli frontali delle tribune storiche del Palio. Quest&#039;ultimo sar\u00e0\u2026<\/p>\n<p><a class=\"more-link\" href=\"https:\/\/peintresdupatrimoine.com\/it\/2023\/05\/04\/la-scuola-edile-di-siena-inaugura-il-cantiere-scuola-internazionale-per-il-restauro-del-patrimonio-delle-tribune-del-palio-la-tradizionale-corsa-di-cavalli-di-siena\/#more-1092\">Per saperne di pi\u00f9<\/a><\/p>","protected":false},"author":1,"featured_media":1103,"comment_status":"open","ping_status":"open","sticky":false,"template":"","format":"standard","meta":{"footnotes":""},"categories":[77],"tags":[],"class_list":["post-1092","post","type-post","status-publish","format-standard","has-post-thumbnail","hentry","category-chantier-ecole"],"_links":{"self":[{"href":"https:\/\/peintresdupatrimoine.com\/it\/wp-json\/wp\/v2\/posts\/1092","targetHints":{"allow":["GET"]}}],"collection":[{"href":"https:\/\/peintresdupatrimoine.com\/it\/wp-json\/wp\/v2\/posts"}],"about":[{"href":"https:\/\/peintresdupatrimoine.com\/it\/wp-json\/wp\/v2\/types\/post"}],"author":[{"embeddable":true,"href":"https:\/\/peintresdupatrimoine.com\/it\/wp-json\/wp\/v2\/users\/1"}],"replies":[{"embeddable":true,"href":"https:\/\/peintresdupatrimoine.com\/it\/wp-json\/wp\/v2\/comments?post=1092"}],"version-history":[{"count":5,"href":"https:\/\/peintresdupatrimoine.com\/it\/wp-json\/wp\/v2\/posts\/1092\/revisions"}],"predecessor-version":[{"id":1110,"href":"https:\/\/peintresdupatrimoine.com\/it\/wp-json\/wp\/v2\/posts\/1092\/revisions\/1110"}],"wp:featuredmedia":[{"embeddable":true,"href":"https:\/\/peintresdupatrimoine.com\/it\/wp-json\/wp\/v2\/media\/1103"}],"wp:attachment":[{"href":"https:\/\/peintresdupatrimoine.com\/it\/wp-json\/wp\/v2\/media?parent=1092"}],"wp:term":[{"taxonomy":"category","embeddable":true,"href":"https:\/\/peintresdupatrimoine.com\/it\/wp-json\/wp\/v2\/categories?post=1092"},{"taxonomy":"post_tag","embeddable":true,"href":"https:\/\/peintresdupatrimoine.com\/it\/wp-json\/wp\/v2\/tags?post=1092"}],"curies":[{"name":"wp","href":"https:\/\/api.w.org\/{rel}","templated":true}]}}